{"id":756,"date":"2023-04-20T15:44:43","date_gmt":"2023-04-20T15:44:43","guid":{"rendered":"https:\/\/fesztivalexpo.hu\/?p=756"},"modified":"2024-08-14T13:12:06","modified_gmt":"2024-08-14T13:12:06","slug":"paloznaki-jazzpiknik","status":"publish","type":"post","link":"https:\/\/fesztivalexpo.hu\/index.php\/2023\/04\/20\/paloznaki-jazzpiknik\/","title":{"rendered":"Pal\u00f3znaki JazzPiknik"},"content":{"rendered":"\t\t<div data-elementor-type=\"wp-post\" data-elementor-id=\"756\" class=\"elementor elementor-756\">\n\t\t\t\t\t\t<section class=\"elementor-section elementor-top-section elementor-element elementor-element-5ad955 elementor-section-boxed elementor-section-height-default elementor-section-height-default\" data-id=\"5ad955\" data-element_type=\"section\">\n\t\t\t\t\t\t<div class=\"elementor-container elementor-column-gap-default\">\n\t\t\t\t\t<div class=\"elementor-column elementor-col-100 elementor-top-column elementor-element elementor-element-258f8fd8\" data-id=\"258f8fd8\" data-element_type=\"column\">\n\t\t\t<div class=\"elementor-widget-wrap elementor-element-populated\">\n\t\t\t\t\t\t<div class=\"elementor-element elementor-element-b52e7ec elementor-widget elementor-widget-text-editor\" data-id=\"b52e7ec\" data-element_type=\"widget\" data-widget_type=\"text-editor.default\">\n\t\t\t\t<div class=\"elementor-widget-container\">\n\t\t\t<style>\/*! elementor - v3.23.0 - 05-08-2024 *\/\n.elementor-widget-text-editor.elementor-drop-cap-view-stacked .elementor-drop-cap{background-color:#69727d;color:#fff}.elementor-widget-text-editor.elementor-drop-cap-view-framed .elementor-drop-cap{color:#69727d;border:3px solid;background-color:transparent}.elementor-widget-text-editor:not(.elementor-drop-cap-view-default) .elementor-drop-cap{margin-top:8px}.elementor-widget-text-editor:not(.elementor-drop-cap-view-default) .elementor-drop-cap-letter{width:1em;height:1em}.elementor-widget-text-editor .elementor-drop-cap{float:left;text-align:center;line-height:1;font-size:50px}.elementor-widget-text-editor .elementor-drop-cap-letter{display:inline-block}<\/style>\t\t\t\t<div><p><strong>Paloznaki Jazzpiknik<\/strong><\/p><p><b>Id\u0151pont:<\/b><span style=\"font-weight: 400;\"> 2025. J\u00falius 31.- Augusztus 2.<\/span><\/p><p><b>Helysz\u00edn: <\/b><span style=\"font-weight: 400;\">Paloznak, Veszpr\u00e9m megye<\/span><\/p><p><b>Napijegy \u00e1r:\u00a0<\/b>Hamarosan<\/p><p><b>B\u00e9rlet \u00e1r:<\/b><span style=\"font-weight: 400;\"> Hamarosan<\/span><\/p><p><b>Kapacit\u00e1s \/ nap: <\/b><span style=\"font-weight: 400;\">8000 f\u0151<\/span><\/p><p><strong><a href=\"http:\/\/jazzpiknik.hu\/\">jazzpiknik.hu<\/a><\/strong><\/p><\/div>\t\t\t\t\t\t<\/div>\n\t\t\t\t<\/div>\n\t\t\t\t<div class=\"elementor-element elementor-element-549653e elementor-shape-rounded elementor-grid-0 e-grid-align-center elementor-widget elementor-widget-social-icons\" data-id=\"549653e\" data-element_type=\"widget\" data-widget_type=\"social-icons.default\">\n\t\t\t\t<div class=\"elementor-widget-container\">\n\t\t\t<style>\/*! elementor - v3.23.0 - 05-08-2024 *\/\n.elementor-widget-social-icons.elementor-grid-0 .elementor-widget-container,.elementor-widget-social-icons.elementor-grid-mobile-0 .elementor-widget-container,.elementor-widget-social-icons.elementor-grid-tablet-0 .elementor-widget-container{line-height:1;font-size:0}.elementor-widget-social-icons:not(.elementor-grid-0):not(.elementor-grid-tablet-0):not(.elementor-grid-mobile-0) .elementor-grid{display:inline-grid}.elementor-widget-social-icons .elementor-grid{grid-column-gap:var(--grid-column-gap,5px);grid-row-gap:var(--grid-row-gap,5px);grid-template-columns:var(--grid-template-columns);justify-content:var(--justify-content,center);justify-items:var(--justify-content,center)}.elementor-icon.elementor-social-icon{font-size:var(--icon-size,25px);line-height:var(--icon-size,25px);width:calc(var(--icon-size, 25px) + 2 * var(--icon-padding, .5em));height:calc(var(--icon-size, 25px) + 2 * var(--icon-padding, .5em))}.elementor-social-icon{--e-social-icon-icon-color:#fff;display:inline-flex;background-color:#69727d;align-items:center;justify-content:center;text-align:center;cursor:pointer}.elementor-social-icon i{color:var(--e-social-icon-icon-color)}.elementor-social-icon svg{fill:var(--e-social-icon-icon-color)}.elementor-social-icon:last-child{margin:0}.elementor-social-icon:hover{opacity:.9;color:#fff}.elementor-social-icon-android{background-color:#a4c639}.elementor-social-icon-apple{background-color:#999}.elementor-social-icon-behance{background-color:#1769ff}.elementor-social-icon-bitbucket{background-color:#205081}.elementor-social-icon-codepen{background-color:#000}.elementor-social-icon-delicious{background-color:#39f}.elementor-social-icon-deviantart{background-color:#05cc47}.elementor-social-icon-digg{background-color:#005be2}.elementor-social-icon-dribbble{background-color:#ea4c89}.elementor-social-icon-elementor{background-color:#d30c5c}.elementor-social-icon-envelope{background-color:#ea4335}.elementor-social-icon-facebook,.elementor-social-icon-facebook-f{background-color:#3b5998}.elementor-social-icon-flickr{background-color:#0063dc}.elementor-social-icon-foursquare{background-color:#2d5be3}.elementor-social-icon-free-code-camp,.elementor-social-icon-freecodecamp{background-color:#006400}.elementor-social-icon-github{background-color:#333}.elementor-social-icon-gitlab{background-color:#e24329}.elementor-social-icon-globe{background-color:#69727d}.elementor-social-icon-google-plus,.elementor-social-icon-google-plus-g{background-color:#dd4b39}.elementor-social-icon-houzz{background-color:#7ac142}.elementor-social-icon-instagram{background-color:#262626}.elementor-social-icon-jsfiddle{background-color:#487aa2}.elementor-social-icon-link{background-color:#818a91}.elementor-social-icon-linkedin,.elementor-social-icon-linkedin-in{background-color:#0077b5}.elementor-social-icon-medium{background-color:#00ab6b}.elementor-social-icon-meetup{background-color:#ec1c40}.elementor-social-icon-mixcloud{background-color:#273a4b}.elementor-social-icon-odnoklassniki{background-color:#f4731c}.elementor-social-icon-pinterest{background-color:#bd081c}.elementor-social-icon-product-hunt{background-color:#da552f}.elementor-social-icon-reddit{background-color:#ff4500}.elementor-social-icon-rss{background-color:#f26522}.elementor-social-icon-shopping-cart{background-color:#4caf50}.elementor-social-icon-skype{background-color:#00aff0}.elementor-social-icon-slideshare{background-color:#0077b5}.elementor-social-icon-snapchat{background-color:#fffc00}.elementor-social-icon-soundcloud{background-color:#f80}.elementor-social-icon-spotify{background-color:#2ebd59}.elementor-social-icon-stack-overflow{background-color:#fe7a15}.elementor-social-icon-steam{background-color:#00adee}.elementor-social-icon-stumbleupon{background-color:#eb4924}.elementor-social-icon-telegram{background-color:#2ca5e0}.elementor-social-icon-threads{background-color:#000}.elementor-social-icon-thumb-tack{background-color:#1aa1d8}.elementor-social-icon-tripadvisor{background-color:#589442}.elementor-social-icon-tumblr{background-color:#35465c}.elementor-social-icon-twitch{background-color:#6441a5}.elementor-social-icon-twitter{background-color:#1da1f2}.elementor-social-icon-viber{background-color:#665cac}.elementor-social-icon-vimeo{background-color:#1ab7ea}.elementor-social-icon-vk{background-color:#45668e}.elementor-social-icon-weibo{background-color:#dd2430}.elementor-social-icon-weixin{background-color:#31a918}.elementor-social-icon-whatsapp{background-color:#25d366}.elementor-social-icon-wordpress{background-color:#21759b}.elementor-social-icon-x-twitter{background-color:#000}.elementor-social-icon-xing{background-color:#026466}.elementor-social-icon-yelp{background-color:#af0606}.elementor-social-icon-youtube{background-color:#cd201f}.elementor-social-icon-500px{background-color:#0099e5}.elementor-shape-rounded .elementor-icon.elementor-social-icon{border-radius:10%}.elementor-shape-circle .elementor-icon.elementor-social-icon{border-radius:50%}<\/style>\t\t<div class=\"elementor-social-icons-wrapper elementor-grid\">\n\t\t\t\t\t\t\t<span class=\"elementor-grid-item\">\n\t\t\t\t\t<a class=\"elementor-icon elementor-social-icon elementor-social-icon-facebook elementor-repeater-item-ec74573\" href=\"http:\/\/facebook.com\/jazzpiknik\" target=\"_blank\">\n\t\t\t\t\t\t<span class=\"elementor-screen-only\">Facebook<\/span>\n\t\t\t\t\t\t<i class=\"fab fa-facebook\"><\/i>\t\t\t\t\t<\/a>\n\t\t\t\t<\/span>\n\t\t\t\t\t\t\t<span class=\"elementor-grid-item\">\n\t\t\t\t\t<a class=\"elementor-icon elementor-social-icon elementor-social-icon-instagram elementor-repeater-item-c2f4fef\" href=\"http:\/\/instagram.com\/jazzpiknik\" target=\"_blank\">\n\t\t\t\t\t\t<span class=\"elementor-screen-only\">Instagram<\/span>\n\t\t\t\t\t\t<i class=\"fab fa-instagram\"><\/i>\t\t\t\t\t<\/a>\n\t\t\t\t<\/span>\n\t\t\t\t\t\t\t<span class=\"elementor-grid-item\">\n\t\t\t\t\t<a class=\"elementor-icon elementor-social-icon elementor-social-icon-tiktok elementor-repeater-item-3420e83\" href=\"http:\/\/tiktok.com\/@jazzpiknik\" target=\"_blank\">\n\t\t\t\t\t\t<span class=\"elementor-screen-only\">Tiktok<\/span>\n\t\t\t\t\t\t<i class=\"fab fa-tiktok\"><\/i>\t\t\t\t\t<\/a>\n\t\t\t\t<\/span>\n\t\t\t\t\t<\/div>\n\t\t\t\t<\/div>\n\t\t\t\t<\/div>\n\t\t\t\t\t<\/div>\n\t\t<\/div>\n\t\t\t\t\t<\/div>\n\t\t<\/section>\n\t\t\t\t<section class=\"elementor-section elementor-top-section elementor-element elementor-element-831f77f elementor-section-boxed elementor-section-height-default elementor-section-height-default\" data-id=\"831f77f\" data-element_type=\"section\">\n\t\t\t\t\t\t<div class=\"elementor-container elementor-column-gap-default\">\n\t\t\t\t\t<div class=\"elementor-column elementor-col-100 elementor-top-column elementor-element elementor-element-2dc31e8\" data-id=\"2dc31e8\" data-element_type=\"column\">\n\t\t\t<div class=\"elementor-widget-wrap elementor-element-populated\">\n\t\t\t\t\t\t<div class=\"elementor-element elementor-element-95fc547 elementor-hidden-desktop elementor-hidden-tablet elementor-hidden-mobile elementor-widget elementor-widget-text-editor\" data-id=\"95fc547\" data-element_type=\"widget\" data-widget_type=\"text-editor.default\">\n\t\t\t\t<div class=\"elementor-widget-container\">\n\t\t\t\t\t\t\t<p><b>A 2023-as \u00e9v legfontosabb programjai, fell\u00e9p\u0151i, akiket kiemeln\u00e9l:<\/b><\/p><p><span style=\"font-weight: 400;\">Nagysz\u00ednpadunkon id\u00e9n is lesznek egyar\u00e1nt t\u00f6bb \u00e9vtizedes m\u00faltra visszatekint\u0151 emblematikus el\u0151ad\u00f3k (Rick Astley, Thievery Corporation, Level 42, Incognito), illetve vil\u00e1gszerte nagy sikert arat\u00f3 fiatalabb m\u0171v\u00e9szek, (Nik West, Dirty Loops).<\/span><\/p><p><span style=\"font-weight: 400;\">Hazai el\u0151ad\u00f3k tekintet\u00e9ben most is kiemelt figyelmet ford\u00edtunk a tehets\u00e9ggondoz\u00e1sra, a Hangfoglal\u00f3 programon \u00e9s a M\u00dcPA Jazz Showcase-en kereszt\u00fcl olyan el\u0151ad\u00f3k mutatkoznak majd be a nagyk\u00f6z\u00f6ns\u00e9gnek mint a Parvaro, aZorka \u00e9s Richard Zalai.<\/span><\/p><p><span style=\"font-weight: 400;\">A fesztiv\u00e1l napokat a nagyszinpadon id\u00e9n is magyar \u00e9s k\u00fclf\u00f6ldi DJ-k z\u00e1rj\u00e1k.\u00a0<\/span><\/p><p><b>Mi a legfontosabb \u00faj\u00edt\u00e1sotok id\u00e9n?<\/b><\/p><p><span style=\"font-weight: 400;\">Az idei \u00e9vben kiemelt f\u00f3kuszt kap a t\u00e1rsadalmi felel\u0151ss\u00e9gv\u00e1llal\u00e1s, ez\u00e9rt a Paloznaki Jazzpiknik t\u00f6bb alap\u00edtv\u00e1nyt t\u00e1mogat. A kor\u00e1bbi \u00e9vek sikeres egy\u00fcttm\u0171k\u00f6d\u00e9s\u00e9t id\u00e9n is folytatjuk az Egy\u00fctt az Autist\u00e1k\u00e9rt Alap\u00edtv\u00e1nnyal. T\u00e1mogatjuk tov\u00e1bb\u00e1 a Seg\u00edtsetek Gy\u00f3gy\u00edtani Alap\u00edtv\u00e1nyt, amelyen kereszt\u00fcl a T\u0171zolt\u00f3 utcai Gyermekklinika eszk\u00f6zbeszerz\u00e9s\u00e9t seg\u00edtj\u00fck. Harmadik t\u00e1mogatott szervezet\u00fcnk a Superar Alap\u00edtv\u00e1ny, ami azoknak a gyermekeknek biztos\u00edt ingyenes m\u0171v\u00e9szeti k\u00e9pz\u00e9st, akik v\u00e1gynak erre de nem telik\u00a0 r\u00e1. Az egy\u00fcttm\u0171k\u00f6d\u00e9s keret\u00e9ben az alap\u00edtv\u00e1ny gyermekk\u00f3rusa fell\u00e9p a Paloznaki Jazzpiknik Nagysz\u00ednpad\u00e1n. \u00c1lland\u00f3 t\u00e1mogattunk a Paloznak j\u00f6v\u0151\u00e9j\u00e9rt Alap\u00edtv\u00e1ny is.<\/span><\/p><p><b>Mi okozza legnagyobb neh\u00e9zs\u00e9get 2023-ban?<\/b><\/p><p><span style=\"font-weight: 400;\">A koronav\u00edrus-j\u00e1rv\u00e1ny okozta neh\u00e9zs\u00e9gek \u00e9s a jelenlegi k\u00fcl \u00e9s belgazdas\u00e1gi helyzetb\u0151l ad\u00f3d\u00f3 \u00e1rv\u00e1ltoz\u00e1sok \u00f3vatosabb tervez\u00e9st \u00e9s folyamatos \u00fajrakalkul\u00e1l\u00e1st ig\u00e9nyelnek. Ez legf\u0151k\u00e9pp a t\u00e1mogat\u00f3k vonatkoz\u00e1s\u00e1ban \u00e9rezhet\u0151.<\/span><\/p><p><b>Mit v\u00e1rsz az idei \u00e9vt\u0151l?<\/b><\/p><p><span style=\"font-weight: 400;\">A bizonytalans\u00e1gok ellen\u00e9re eddig is nagy volt \u00e9s maradt az \u00e9rdekl\u0151d\u00e9s a Paloznaki Jazzpiknik ir\u00e1nt, rem\u00e9lem ez kitart augusztusig. Az \u00e9vtizedes tapasztalatnak \u00e9s f\u00e1radhatatlan csapatmunk\u00e1nak k\u00f6sz\u00f6nhet\u0151en arra sz\u00e1m\u00edtok, hogy az idei \u00e9v is pont olyan j\u00f3l \u2013 vagy tal\u00e1n m\u00e9g kicsit jobban &#8211; ha nem f\u00faj \u00fagy a sz\u00e9l mint tavaly- fog siker\u00fclni mint az el\u0151z\u0151 \u00e9vi Jazzpiknik. Mi id\u00e9n is sok szeretettel \u00e9s egy \u00e9ves el\u0151k\u00e9sz\u00fclettel v\u00e1rjuk a k\u00f6z\u00f6ns\u00e9get.<\/span><\/p><p><b>B\u00e1rmi m\u00e1s, amit kiemeln\u00e9l, fontosnak tartasz:<\/b><\/p><p><span style=\"font-weight: 400;\">A kezdetekt\u0151l fogva kulcsfontoss\u00e1g\u00fa volt sz\u00e1munkra, hogy fenntarthat\u00f3 megold\u00e1sokat \u00e9p\u00edts\u00fcnk be a fesztiv\u00e1l m\u0171k\u00f6d\u00e9s\u00e9be. K\u00f6rnyezetbar\u00e1t term\u00e9kekkel dolgozunk \u00e9s a rendezv\u00e9ny teljes ter\u00fclet\u00e9n szelekt\u00edven gy\u0171jtj\u00fck a hullad\u00e9kot, melyre a vend\u00e9geket is \u00f6szt\u00f6n\u00f6zz\u00fck. A k\u00f6rnyezettudatos hullad\u00e9kmenedzsmentet \u00e9s term\u00e9khaszn\u00e1latot a Z\u00f6ld\u00f6vezet T\u00e1rsul\u00e1ssal val\u00f3s\u00edtjuk meg 2023-ban is. A szervezet id\u00e9n kitelep\u00fcl a Gyermekudvarba is, ahol szem\u00e9letform\u00e1l\u00f3 el\u0151ad\u00e1sokkal \u00e9s foglalkoz\u00e1sokkal v\u00e1rj\u00e1k majd a kicsiket \u00e9s nagyokat egyar\u00e1nt. Emellett a Betonka workshopj\u00e1n \u00e9s a Jane Goodall Int\u00e9zet foglalkoz\u00e1sain vehetnek r\u00e9szt a csal\u00e1dok.<\/span><\/p>\t\t\t\t\t\t<\/div>\n\t\t\t\t<\/div>\n\t\t\t\t\t<\/div>\n\t\t<\/div>\n\t\t\t\t\t<\/div>\n\t\t<\/section>\n\t\t\t\t<\/div>\n\t\t","protected":false},"excerpt":{"rendered":"<p>Paloznaki Jazzpiknik Id\u0151pont: 2025. J\u00falius 31.- Augusztus 2. Helysz\u00edn: Paloznak, Veszpr\u00e9m megye Napijegy \u00e1r:\u00a0Hamarosan B\u00e9rlet \u00e1r: Hamarosan Kapacit\u00e1s \/ nap: 8000 f\u0151 jazzpiknik.hu Facebook Instagram Tiktok A 2023-as \u00e9v legfontosabb&#8230;<\/p>\n","protected":false},"author":1,"featured_media":723,"comment_status":"closed","ping_status":"closed","sticky":false,"template":"","format":"standard","meta":{"footnotes":""},"categories":[1],"tags":[],"class_list":["post-756","post","type-post","status-publish","format-standard","has-post-thumbnail","hentry","category-resztvevok"],"_links":{"self":[{"href":"https:\/\/fesztivalexpo.hu\/index.php\/wp-json\/wp\/v2\/posts\/756","targetHints":{"allow":["GET"]}}],"collection":[{"href":"https:\/\/fesztivalexpo.hu\/index.php\/wp-json\/wp\/v2\/posts"}],"about":[{"href":"https:\/\/fesztivalexpo.hu\/index.php\/wp-json\/wp\/v2\/types\/post"}],"author":[{"embeddable":true,"href":"https:\/\/fesztivalexpo.hu\/index.php\/wp-json\/wp\/v2\/users\/1"}],"replies":[{"embeddable":true,"href":"https:\/\/fesztivalexpo.hu\/index.php\/wp-json\/wp\/v2\/comments?post=756"}],"version-history":[{"count":7,"href":"https:\/\/fesztivalexpo.hu\/index.php\/wp-json\/wp\/v2\/posts\/756\/revisions"}],"predecessor-version":[{"id":1139,"href":"https:\/\/fesztivalexpo.hu\/index.php\/wp-json\/wp\/v2\/posts\/756\/revisions\/1139"}],"wp:featuredmedia":[{"embeddable":true,"href":"https:\/\/fesztivalexpo.hu\/index.php\/wp-json\/wp\/v2\/media\/723"}],"wp:attachment":[{"href":"https:\/\/fesztivalexpo.hu\/index.php\/wp-json\/wp\/v2\/media?parent=756"}],"wp:term":[{"taxonomy":"category","embeddable":true,"href":"https:\/\/fesztivalexpo.hu\/index.php\/wp-json\/wp\/v2\/categories?post=756"},{"taxonomy":"post_tag","embeddable":true,"href":"https:\/\/fesztivalexpo.hu\/index.php\/wp-json\/wp\/v2\/tags?post=756"}],"curies":[{"name":"wp","href":"https:\/\/api.w.org\/{rel}","templated":true}]}}